{"id":12667,"date":"2026-09-01T09:09:13","date_gmt":"2026-09-01T06:09:13","guid":{"rendered":"https:\/\/tanssikipina.fi\/12662\/"},"modified":"2026-09-01T09:12:44","modified_gmt":"2026-09-01T06:12:44","slug":"12662","status":"publish","type":"post","link":"https:\/\/tanssikipina.fi\/sv\/12662\/","title":{"rendered":"Ans\u00f6kan till Kipin\u00e4s solo-, duo- och sm\u00e5gruppskoreografier f\u00f6r t\u00e4vling"},"content":{"rendered":"<div class=\"\" data-block=\"true\" data-editor=\"da7b0\" data-offset-key=\"emttj-0-0\">\n<div class=\"_1mf _1mj\" data-offset-key=\"emttj-0-0\">\n<div class=\"\" data-block=\"true\" data-editor=\"da7b0\" data-offset-key=\"3ktpc-0-0\">\n<div class=\"_1mf _1mj\" data-offset-key=\"3ktpc-0-0\"><span data-offset-key=\"3ktpc-0-0\">Vill du s\u00f6ka till Kipin\u00e4s solo-, duo- eller sm\u00e5gruppskoreografier f\u00f6r t\u00e4vling?<\/span><\/div>\n<\/div>\n<div class=\"\" data-block=\"true\" data-editor=\"da7b0\" data-offset-key=\"b4v8o-0-0\">\n<div class=\"_1mf _1mj\" data-offset-key=\"b4v8o-0-0\"><span data-offset-key=\"b4v8o-0-0\">\u00a0<\/span><\/div>\n<\/div>\n<div class=\"\" data-block=\"true\" data-editor=\"da7b0\" data-offset-key=\"e9gdn-0-0\">\n<div class=\"_1mf _1mj\" data-offset-key=\"e9gdn-0-0\"><span data-offset-key=\"e9gdn-0-0\">L\u00e4rarna p\u00e5 v\u00e5r dansskola koreograferar koreografier f\u00f6r v\u00e5rens kommande t\u00e4vlingar f\u00f6r barn, juniorer och vuxna (A1, A2 och A3).<\/span><\/div>\n<\/div>\n<div class=\"\" data-block=\"true\" data-editor=\"da7b0\" data-offset-key=\"bbtoh-0-0\">\n<div class=\"_1mf _1mj\" data-offset-key=\"bbtoh-0-0\"><span data-offset-key=\"bbtoh-0-0\">\u00a0<\/span><\/div>\n<\/div>\n<div class=\"\" data-block=\"true\" data-editor=\"da7b0\" data-offset-key=\"5fb2a-0-0\">\n<div class=\"_1mf _1mj\" data-offset-key=\"5fb2a-0-0\"><span data-offset-key=\"5fb2a-0-0\">I f\u00f6rsta hand \u00e4r t\u00e4vlingsgrupperna avsedda f\u00f6r Kipin\u00e4s EK-elever, men \u00e4ven andra som har dansat under en l\u00e4ngre tid \u00e4r v\u00e4lkomna att s\u00f6ka!<\/span><\/div>\n<\/div>\n<div class=\"\" data-block=\"true\" data-editor=\"da7b0\" data-offset-key=\"f28ee-0-0\">\n<div class=\"_1mf _1mj\" data-offset-key=\"f28ee-0-0\"><span data-offset-key=\"f28ee-0-0\">\u00a0<\/span><\/div>\n<\/div>\n<div class=\"\" data-block=\"true\" data-editor=\"da7b0\" data-offset-key=\"bipeq-0-0\">\n<div class=\"_1mf _1mj\" data-offset-key=\"bipeq-0-0\"><span data-offset-key=\"bipeq-0-0\">Auditionerna f\u00f6r juniorer och vuxna (A1) till Performing Arts-t\u00e4vlingskoreografierna ordnas redan l\u00f6rdag 12.9. Auditionerna till de \u00f6vriga koreografierna ordnas l\u00f6rdag 14.11. Anm\u00e4lan till auditionerna \u00e4r dock redan \u00f6ppen f\u00f6r alla koreografier!<\/span><\/div>\n<\/div>\n<div class=\"\" data-block=\"true\" data-editor=\"da7b0\" data-offset-key=\"3ff1b-0-0\">\n<div class=\"_1mf _1mj\" data-offset-key=\"3ff1b-0-0\"><span data-offset-key=\"3ff1b-0-0\">\u00a0<\/span><\/div>\n<\/div>\n<div class=\"\" data-block=\"true\" data-editor=\"da7b0\" data-offset-key=\"cjmmc-0-0\">\n<div class=\"_1mf _1mj\" data-offset-key=\"cjmmc-0-0\"><span data-offset-key=\"cjmmc-0-0\">Mer information och anm\u00e4lan:<\/span><\/div>\n<\/div>\n<div class=\"\" data-block=\"true\" data-editor=\"da7b0\" data-offset-key=\"9enci-0-0\">\n<div class=\"_1mf _1mj\" data-offset-key=\"9enci-0-0\"><a href=\"http:\/\/WWW.LYYTI.IN\/KISATEOKSET27\"><span data-offset-key=\"9enci-0-0\">WWW.LYYTI.IN\/KISATEOKSET27<\/span><\/a><\/div>\n<\/div>\n<div class=\"\" data-block=\"true\" data-editor=\"da7b0\" data-offset-key=\"ehkeu-0-0\">\n<div class=\"_1mf _1mj\" data-offset-key=\"ehkeu-0-0\"><span data-offset-key=\"ehkeu-0-0\">\u00a0<\/span><\/div>\n<\/div>\n<div class=\"\" data-block=\"true\" data-editor=\"da7b0\" data-offset-key=\"20bv7-0-0\">\n<div class=\"_1mf _1mj\" data-offset-key=\"20bv7-0-0\"><span data-offset-key=\"20bv7-0-0\">***<br \/>\n<\/span><\/div>\n<\/div>\n<p><span data-offset-key=\"emttj-0-0\">Haluatko hakea mukaan Kipin\u00e4n soolo-, duo- tai pienryhm\u00e4kisakoreografioihin?<\/span><\/div>\n<\/div>\n<div class=\"\" data-block=\"true\" data-editor=\"da7b0\" data-offset-key=\"af11r-0-0\">\n<div class=\"_1mf _1mj\" data-offset-key=\"af11r-0-0\"><span data-offset-key=\"af11r-0-0\">\u00a0<\/span><\/div>\n<\/div>\n<div class=\"\" data-block=\"true\" data-editor=\"da7b0\" data-offset-key=\"8g3h5-0-0\">\n<div class=\"_1mf _1mj\" data-offset-key=\"8g3h5-0-0\"><span data-offset-key=\"8g3h5-0-0\">Tanssikoulumme opettajat koreografioivat esityksi\u00e4 tulevan kev\u00e4\u00e4n kilpailuihin lasten, junioreiden ja aikuisten (A1, A2 ja A3) sarjoissa kisaaville.<\/span><\/div>\n<\/div>\n<div class=\"\" data-block=\"true\" data-editor=\"da7b0\" data-offset-key=\"bd4vh-0-0\">\n<div class=\"_1mf _1mj\" data-offset-key=\"bd4vh-0-0\"><span data-offset-key=\"bd4vh-0-0\">\u00a0<\/span><\/div>\n<\/div>\n<div class=\"\" data-block=\"true\" data-editor=\"da7b0\" data-offset-key=\"772db-0-0\">\n<div class=\"_1mf _1mj\" data-offset-key=\"772db-0-0\"><span data-offset-key=\"772db-0-0\">P\u00e4\u00e4asiassa kisaryhm\u00e4t on tarkoitettu Kipin\u00e4n EK-oppilaille, mutta mukaan saa hakea my\u00f6s muut tanssia pidemm\u00e4n aikaa harrastaneet!<\/span><\/div>\n<\/div>\n<div class=\"\" data-block=\"true\" data-editor=\"da7b0\" data-offset-key=\"hulp-0-0\">\n<div class=\"_1mf _1mj\" data-offset-key=\"hulp-0-0\"><span data-offset-key=\"hulp-0-0\">\u00a0<\/span><\/div>\n<\/div>\n<div class=\"\" data-block=\"true\" data-editor=\"da7b0\" data-offset-key=\"b7ke2-0-0\">\n<div class=\"_1mf _1mj\" data-offset-key=\"b7ke2-0-0\"><span data-offset-key=\"b7ke2-0-0\">Haut junioreiden ja aikuiset (A1) Performing Arts kisateoksiin pidet\u00e4\u00e4n jo la 12.9. Muihin teoksiin haut la 14.11. Ilmoittautuminen hakuun on kuitenkin jo auki kaikkiin!<\/span><\/div>\n<\/div>\n<div class=\"\" data-block=\"true\" data-editor=\"da7b0\" data-offset-key=\"csmk6-0-0\">\n<div class=\"_1mf _1mj\" data-offset-key=\"csmk6-0-0\"><span data-offset-key=\"csmk6-0-0\">\u00a0<\/span><\/div>\n<\/div>\n<div class=\"\" data-block=\"true\" data-editor=\"da7b0\" data-offset-key=\"1rre1-0-0\">\n<div class=\"_1mf _1mj\" data-offset-key=\"1rre1-0-0\"><span data-offset-key=\"1rre1-0-0\">Lis\u00e4tietoa ja ilmoittautumiset:<\/span><\/div>\n<\/div>\n<div class=\"\" data-block=\"true\" data-editor=\"da7b0\" data-offset-key=\"ecati-0-0\">\n<div class=\"_1mf _1mj\" data-offset-key=\"ecati-0-0\"><a href=\"http:\/\/WWW.LYYTI.IN\/KISATEOKSET27\"><span data-offset-key=\"ecati-0-0\">WWW.LYYTI.IN\/KISATEOKSET27<\/span><\/a><\/div>\n<\/div>\n<div class=\"\" data-block=\"true\" data-editor=\"da7b0\" data-offset-key=\"2p974-0-0\">\n<div class=\"_1mf _1mj\" data-offset-key=\"2p974-0-0\"><span data-offset-key=\"2p974-0-0\">\u00a0<\/span><\/div>\n<\/div>\n<div class=\"\" data-block=\"true\" data-editor=\"da7b0\" data-offset-key=\"fa7a4-0-0\">\n<div class=\"_1mf _1mj\" data-offset-key=\"fa7a4-0-0\"><span data-offset-key=\"fa7a4-0-0\">***<\/span><\/div>\n<\/div>\n<div class=\"\" data-block=\"true\" data-editor=\"da7b0\" data-offset-key=\"c74uf-0-0\">\n<div class=\"_1mf _1mj\" data-offset-key=\"c74uf-0-0\"><span data-offset-key=\"c74uf-0-0\">\u00a0<\/span><\/div>\n<\/div>\n<div class=\"\" data-block=\"true\" data-editor=\"da7b0\" data-offset-key=\"borrn-0-0\">\n<div class=\"_1mf _1mj\" data-offset-key=\"borrn-0-0\"><span data-offset-key=\"borrn-0-0\">Would you like to audition for Kipin\u00e4\u2019s solo, duo or small-group competition choreographies?<\/span><\/div>\n<\/div>\n<div class=\"\" data-block=\"true\" data-editor=\"da7b0\" data-offset-key=\"4uutk-0-0\">\n<div class=\"_1mf _1mj\" data-offset-key=\"4uutk-0-0\"><span data-offset-key=\"4uutk-0-0\">\u00a0<\/span><\/div>\n<\/div>\n<div class=\"\" data-block=\"true\" data-editor=\"da7b0\" data-offset-key=\"162cn-0-0\">\n<div class=\"_1mf _1mj\" data-offset-key=\"162cn-0-0\"><span data-offset-key=\"162cn-0-0\">Our dance school\u2019s teachers are creating choreographies for the upcoming spring competitions for children, juniors and adults (A1, A2 and A3).<\/span><\/div>\n<\/div>\n<div class=\"\" data-block=\"true\" data-editor=\"da7b0\" data-offset-key=\"aghjl-0-0\">\n<div class=\"_1mf _1mj\" data-offset-key=\"aghjl-0-0\"><span data-offset-key=\"aghjl-0-0\">\u00a0<\/span><\/div>\n<\/div>\n<div class=\"\" data-block=\"true\" data-editor=\"da7b0\" data-offset-key=\"4q6vl-0-0\">\n<div class=\"_1mf _1mj\" data-offset-key=\"4q6vl-0-0\"><span data-offset-key=\"4q6vl-0-0\">The competition groups are primarily intended for Kipin\u00e4\u2019s EK students, but dancers who have been practicing dance for a longer period are also welcome to audition!<\/span><\/div>\n<\/div>\n<div class=\"\" data-block=\"true\" data-editor=\"da7b0\" data-offset-key=\"b1g8s-0-0\">\n<div class=\"_1mf _1mj\" data-offset-key=\"b1g8s-0-0\"><span data-offset-key=\"b1g8s-0-0\">\u00a0<\/span><\/div>\n<\/div>\n<div class=\"\" data-block=\"true\" data-editor=\"da7b0\" data-offset-key=\"bvvjg-0-0\">\n<div class=\"_1mf _1mj\" data-offset-key=\"bvvjg-0-0\"><span data-offset-key=\"bvvjg-0-0\">The auditions for the junior and adult (A1) Performing Arts competition choreographies will take place already on Saturday, September 12. Auditions for the other choreographies will be held on Saturday, November 14. Registration for the auditions is already open for all choreographies!<\/span><\/div>\n<\/div>\n<div class=\"\" data-block=\"true\" data-editor=\"da7b0\" data-offset-key=\"7erlo-0-0\">\n<div class=\"_1mf _1mj\" data-offset-key=\"7erlo-0-0\"><span data-offset-key=\"7erlo-0-0\">\u00a0<\/span><\/div>\n<\/div>\n<div class=\"\" data-block=\"true\" data-editor=\"da7b0\" data-offset-key=\"b0roq-0-0\">\n<div class=\"_1mf _1mj\" data-offset-key=\"b0roq-0-0\"><span data-offset-key=\"b0roq-0-0\">More information and registration:<\/span><\/div>\n<\/div>\n<div class=\"\" data-block=\"true\" data-editor=\"da7b0\" data-offset-key=\"6r93p-0-0\">\n<div class=\"_1mf _1mj\" data-offset-key=\"6r93p-0-0\">\n<p><a href=\"http:\/\/WWW.LYYTI.IN\/KISATEOKSET27\"><span data-offset-key=\"6r93p-0-0\">WWW.LYYTI.IN\/KISATEOKSET27<\/span><\/a><\/p>\n<p><img loading=\"lazy\" class=\"aligncenter size-full wp-image-12663\" src=\"\/wp-content\/uploads\/2026\/09\/haku-keva\u0308a\u0308n-2027-ikmsm-kisateoksiin.jpg\" alt=\"\" width=\"1080\" height=\"1080\" srcset=\"\/wp-content\/uploads\/2026\/09\/haku-keva\u0308a\u0308n-2027-ikmsm-kisateoksiin.jpg 1080w, \/wp-content\/uploads\/2026\/09\/haku-keva\u0308a\u0308n-2027-ikmsm-kisateoksiin-300x300.jpg 300w, \/wp-content\/uploads\/2026\/09\/haku-keva\u0308a\u0308n-2027-ikmsm-kisateoksiin-1024x1024.jpg 1024w, \/wp-content\/uploads\/2026\/09\/haku-keva\u0308a\u0308n-2027-ikmsm-kisateoksiin-150x150.jpg 150w, \/wp-content\/uploads\/2026\/09\/haku-keva\u0308a\u0308n-2027-ikmsm-kisateoksiin-768x768.jpg 768w\" sizes=\"(max-width: 1080px) 100vw, 1080px\" \/><\/p>\n<\/div>\n<\/div>\n","protected":false},"excerpt":{"rendered":"<p>Anm\u00e4lan till auditionen \u00e4r nu \u00f6ppen!<\/p>\n","protected":false},"author":3,"featured_media":12665,"comment_status":"closed","ping_status":"closed","sticky":false,"template":"","format":"standard","meta":{"_exactmetrics_skip_tracking":false,"_exactmetrics_sitenote_active":false,"_exactmetrics_sitenote_note":"","_exactmetrics_sitenote_category":0},"categories":[190,191,162],"tags":[],"yoast_head":"<!-- This site is optimized with the Yoast SEO plugin v19.13 - https:\/\/yoast.com\/wordpress\/plugins\/seo\/ -->\n<title>Ans\u00f6kan till Kipin\u00e4s solo-, duo- och sm\u00e5gruppskoreografier f\u00f6r t\u00e4vling - Tanssikipin\u00e4<\/title>\n<meta name=\"robots\" content=\"index, follow, max-snippet:-1, max-image-preview:large, max-video-preview:-1\" \/>\n<link rel=\"canonical\" href=\"https:\/\/tanssikipina.fi\/sv\/12662\/\" \/>\n<meta property=\"og:locale\" content=\"sv_SE\" \/>\n<meta property=\"og:type\" content=\"article\" \/>\n<meta property=\"og:title\" content=\"Ans\u00f6kan till Kipin\u00e4s solo-, duo- och sm\u00e5gruppskoreografier f\u00f6r t\u00e4vling - Tanssikipin\u00e4\" \/>\n<meta property=\"og:description\" content=\"Anm\u00e4lan till auditionen \u00e4r nu \u00f6ppen!\" \/>\n<meta property=\"og:url\" content=\"https:\/\/tanssikipina.fi\/sv\/12662\/\" \/>\n<meta property=\"og:site_name\" content=\"Tanssikipin\u00e4\" \/>\n<meta property=\"article:publisher\" content=\"https:\/\/www.facebook.com\/tanssikoulukipina\" \/>\n<meta property=\"article:published_time\" content=\"2026-09-01T06:09:13+00:00\" \/>\n<meta property=\"article:modified_time\" content=\"2026-09-01T06:12:44+00:00\" \/>\n<meta property=\"og:image\" content=\"https:\/\/tanssikipina.fi\/wp-content\/uploads\/2026\/09\/haku-keva\u0308a\u0308n-2027-ikmsm-kisateoksiin.jpg\" \/>\n\t<meta property=\"og:image:width\" content=\"1080\" \/>\n\t<meta property=\"og:image:height\" content=\"1080\" \/>\n\t<meta property=\"og:image:type\" content=\"image\/jpeg\" \/>\n<meta name=\"author\" content=\"hanna\" \/>\n<meta name=\"twitter:card\" content=\"summary_large_image\" \/>\n<meta name=\"twitter:label1\" content=\"Skriven av\" \/>\n\t<meta name=\"twitter:data1\" content=\"hanna\" \/>\n\t<meta name=\"twitter:label2\" content=\"Ber\u00e4knad l\u00e4stid\" \/>\n\t<meta name=\"twitter:data2\" content=\"2 minuter\" \/>\n<script type=\"application\/ld+json\" class=\"yoast-schema-graph\">{\"@context\":\"https:\/\/schema.org\",\"@graph\":[{\"@type\":\"Article\",\"@id\":\"https:\/\/tanssikipina.fi\/sv\/12662\/#article\",\"isPartOf\":{\"@id\":\"https:\/\/tanssikipina.fi\/sv\/12662\/\"},\"author\":{\"name\":\"hanna\",\"@id\":\"https:\/\/tanssikipina.fi\/#\/schema\/person\/b0f54e352bbe2721e04fdbed2b8e3a6e\"},\"headline\":\"Ans\u00f6kan till Kipin\u00e4s solo-, duo- och sm\u00e5gruppskoreografier f\u00f6r t\u00e4vling\",\"datePublished\":\"2026-09-01T06:09:13+00:00\",\"dateModified\":\"2026-09-01T06:12:44+00:00\",\"mainEntityOfPage\":{\"@id\":\"https:\/\/tanssikipina.fi\/sv\/12662\/\"},\"wordCount\":320,\"publisher\":{\"@id\":\"https:\/\/tanssikipina.fi\/#organization\"},\"articleSection\":[\"ajankohtaista\",\"ajankohtaista\",\"Uutiset\"],\"inLanguage\":\"sv-SE\"},{\"@type\":\"WebPage\",\"@id\":\"https:\/\/tanssikipina.fi\/sv\/12662\/\",\"url\":\"https:\/\/tanssikipina.fi\/sv\/12662\/\",\"name\":\"Ans\u00f6kan till Kipin\u00e4s solo-, duo- och sm\u00e5gruppskoreografier f\u00f6r t\u00e4vling - Tanssikipin\u00e4\",\"isPartOf\":{\"@id\":\"https:\/\/tanssikipina.fi\/#website\"},\"datePublished\":\"2026-09-01T06:09:13+00:00\",\"dateModified\":\"2026-09-01T06:12:44+00:00\",\"breadcrumb\":{\"@id\":\"https:\/\/tanssikipina.fi\/sv\/12662\/#breadcrumb\"},\"inLanguage\":\"sv-SE\",\"potentialAction\":[{\"@type\":\"ReadAction\",\"target\":[\"https:\/\/tanssikipina.fi\/sv\/12662\/\"]}]},{\"@type\":\"BreadcrumbList\",\"@id\":\"https:\/\/tanssikipina.fi\/sv\/12662\/#breadcrumb\",\"itemListElement\":[{\"@type\":\"ListItem\",\"position\":1,\"name\":\"Home\",\"item\":\"https:\/\/tanssikipina.fi\/sv\/\"},{\"@type\":\"ListItem\",\"position\":2,\"name\":\"Ans\u00f6kan till Kipin\u00e4s solo-, duo- och sm\u00e5gruppskoreografier f\u00f6r t\u00e4vling\"}]},{\"@type\":\"WebSite\",\"@id\":\"https:\/\/tanssikipina.fi\/#website\",\"url\":\"https:\/\/tanssikipina.fi\/\",\"name\":\"Tanssikipin\u00e4\",\"description\":\"Hyv\u00e4n fiiliksen tanssikoulu\",\"publisher\":{\"@id\":\"https:\/\/tanssikipina.fi\/#organization\"},\"potentialAction\":[{\"@type\":\"SearchAction\",\"target\":{\"@type\":\"EntryPoint\",\"urlTemplate\":\"https:\/\/tanssikipina.fi\/?s={search_term_string}\"},\"query-input\":\"required name=search_term_string\"}],\"inLanguage\":\"sv-SE\"},{\"@type\":\"Organization\",\"@id\":\"https:\/\/tanssikipina.fi\/#organization\",\"name\":\"Tanssikipin\u00e4\",\"url\":\"https:\/\/tanssikipina.fi\/\",\"logo\":{\"@type\":\"ImageObject\",\"inLanguage\":\"sv-SE\",\"@id\":\"https:\/\/tanssikipina.fi\/#\/schema\/logo\/image\/\",\"url\":\"\/wp-content\/uploads\/2017\/11\/cropped-logo_vaaka_vari_rgb_hyvafiilis.png\",\"contentUrl\":\"\/wp-content\/uploads\/2017\/11\/cropped-logo_vaaka_vari_rgb_hyvafiilis.png\",\"width\":760,\"height\":348,\"caption\":\"Tanssikipin\u00e4\"},\"image\":{\"@id\":\"https:\/\/tanssikipina.fi\/#\/schema\/logo\/image\/\"},\"sameAs\":[\"https:\/\/www.instagram.com\/tanssikoulukipina\/\",\"https:\/\/www.facebook.com\/tanssikoulukipina\"]},{\"@type\":\"Person\",\"@id\":\"https:\/\/tanssikipina.fi\/#\/schema\/person\/b0f54e352bbe2721e04fdbed2b8e3a6e\",\"name\":\"hanna\",\"image\":{\"@type\":\"ImageObject\",\"inLanguage\":\"sv-SE\",\"@id\":\"https:\/\/tanssikipina.fi\/#\/schema\/person\/image\/\",\"url\":\"https:\/\/secure.gravatar.com\/avatar\/b5d824b4c562f8f7377e8cb66c66f737?s=96&d=mm&r=g\",\"contentUrl\":\"https:\/\/secure.gravatar.com\/avatar\/b5d824b4c562f8f7377e8cb66c66f737?s=96&d=mm&r=g\",\"caption\":\"hanna\"},\"url\":\"https:\/\/tanssikipina.fi\/sv\/author\/hanna\/\"}]}<\/script>\n<!-- \/ Yoast SEO plugin. -->","yoast_head_json":{"title":"Ans\u00f6kan till Kipin\u00e4s solo-, duo- och sm\u00e5gruppskoreografier f\u00f6r t\u00e4vling - Tanssikipin\u00e4","robots":{"index":"index","follow":"follow","max-snippet":"max-snippet:-1","max-image-preview":"max-image-preview:large","max-video-preview":"max-video-preview:-1"},"canonical":"https:\/\/tanssikipina.fi\/sv\/12662\/","og_locale":"sv_SE","og_type":"article","og_title":"Ans\u00f6kan till Kipin\u00e4s solo-, duo- och sm\u00e5gruppskoreografier f\u00f6r t\u00e4vling - Tanssikipin\u00e4","og_description":"Anm\u00e4lan till auditionen \u00e4r nu \u00f6ppen!","og_url":"https:\/\/tanssikipina.fi\/sv\/12662\/","og_site_name":"Tanssikipin\u00e4","article_publisher":"https:\/\/www.facebook.com\/tanssikoulukipina","article_published_time":"2026-09-01T06:09:13+00:00","article_modified_time":"2026-09-01T06:12:44+00:00","og_image":[{"width":1080,"height":1080,"url":"https:\/\/tanssikipina.fi\/wp-content\/uploads\/2026\/09\/haku-keva\u0308a\u0308n-2027-ikmsm-kisateoksiin.jpg","type":"image\/jpeg"}],"author":"hanna","twitter_card":"summary_large_image","twitter_misc":{"Skriven av":"hanna","Ber\u00e4knad l\u00e4stid":"2 minuter"},"schema":{"@context":"https:\/\/schema.org","@graph":[{"@type":"Article","@id":"https:\/\/tanssikipina.fi\/sv\/12662\/#article","isPartOf":{"@id":"https:\/\/tanssikipina.fi\/sv\/12662\/"},"author":{"name":"hanna","@id":"https:\/\/tanssikipina.fi\/#\/schema\/person\/b0f54e352bbe2721e04fdbed2b8e3a6e"},"headline":"Ans\u00f6kan till Kipin\u00e4s solo-, duo- och sm\u00e5gruppskoreografier f\u00f6r t\u00e4vling","datePublished":"2026-09-01T06:09:13+00:00","dateModified":"2026-09-01T06:12:44+00:00","mainEntityOfPage":{"@id":"https:\/\/tanssikipina.fi\/sv\/12662\/"},"wordCount":320,"publisher":{"@id":"https:\/\/tanssikipina.fi\/#organization"},"articleSection":["ajankohtaista","ajankohtaista","Uutiset"],"inLanguage":"sv-SE"},{"@type":"WebPage","@id":"https:\/\/tanssikipina.fi\/sv\/12662\/","url":"https:\/\/tanssikipina.fi\/sv\/12662\/","name":"Ans\u00f6kan till Kipin\u00e4s solo-, duo- och sm\u00e5gruppskoreografier f\u00f6r t\u00e4vling - Tanssikipin\u00e4","isPartOf":{"@id":"https:\/\/tanssikipina.fi\/#website"},"datePublished":"2026-09-01T06:09:13+00:00","dateModified":"2026-09-01T06:12:44+00:00","breadcrumb":{"@id":"https:\/\/tanssikipina.fi\/sv\/12662\/#breadcrumb"},"inLanguage":"sv-SE","potentialAction":[{"@type":"ReadAction","target":["https:\/\/tanssikipina.fi\/sv\/12662\/"]}]},{"@type":"BreadcrumbList","@id":"https:\/\/tanssikipina.fi\/sv\/12662\/#breadcrumb","itemListElement":[{"@type":"ListItem","position":1,"name":"Home","item":"https:\/\/tanssikipina.fi\/sv\/"},{"@type":"ListItem","position":2,"name":"Ans\u00f6kan till Kipin\u00e4s solo-, duo- och sm\u00e5gruppskoreografier f\u00f6r t\u00e4vling"}]},{"@type":"WebSite","@id":"https:\/\/tanssikipina.fi\/#website","url":"https:\/\/tanssikipina.fi\/","name":"Tanssikipin\u00e4","description":"Hyv\u00e4n fiiliksen tanssikoulu","publisher":{"@id":"https:\/\/tanssikipina.fi\/#organization"},"potentialAction":[{"@type":"SearchAction","target":{"@type":"EntryPoint","urlTemplate":"https:\/\/tanssikipina.fi\/?s={search_term_string}"},"query-input":"required name=search_term_string"}],"inLanguage":"sv-SE"},{"@type":"Organization","@id":"https:\/\/tanssikipina.fi\/#organization","name":"Tanssikipin\u00e4","url":"https:\/\/tanssikipina.fi\/","logo":{"@type":"ImageObject","inLanguage":"sv-SE","@id":"https:\/\/tanssikipina.fi\/#\/schema\/logo\/image\/","url":"\/wp-content\/uploads\/2017\/11\/cropped-logo_vaaka_vari_rgb_hyvafiilis.png","contentUrl":"\/wp-content\/uploads\/2017\/11\/cropped-logo_vaaka_vari_rgb_hyvafiilis.png","width":760,"height":348,"caption":"Tanssikipin\u00e4"},"image":{"@id":"https:\/\/tanssikipina.fi\/#\/schema\/logo\/image\/"},"sameAs":["https:\/\/www.instagram.com\/tanssikoulukipina\/","https:\/\/www.facebook.com\/tanssikoulukipina"]},{"@type":"Person","@id":"https:\/\/tanssikipina.fi\/#\/schema\/person\/b0f54e352bbe2721e04fdbed2b8e3a6e","name":"hanna","image":{"@type":"ImageObject","inLanguage":"sv-SE","@id":"https:\/\/tanssikipina.fi\/#\/schema\/person\/image\/","url":"https:\/\/secure.gravatar.com\/avatar\/b5d824b4c562f8f7377e8cb66c66f737?s=96&d=mm&r=g","contentUrl":"https:\/\/secure.gravatar.com\/avatar\/b5d824b4c562f8f7377e8cb66c66f737?s=96&d=mm&r=g","caption":"hanna"},"url":"https:\/\/tanssikipina.fi\/sv\/author\/hanna\/"}]}},"_links":{"self":[{"href":"https:\/\/tanssikipina.fi\/sv\/wp-json\/wp\/v2\/posts\/12667"}],"collection":[{"href":"https:\/\/tanssikipina.fi\/sv\/wp-json\/wp\/v2\/posts"}],"about":[{"href":"https:\/\/tanssikipina.fi\/sv\/wp-json\/wp\/v2\/types\/post"}],"author":[{"embeddable":true,"href":"https:\/\/tanssikipina.fi\/sv\/wp-json\/wp\/v2\/users\/3"}],"replies":[{"embeddable":true,"href":"https:\/\/tanssikipina.fi\/sv\/wp-json\/wp\/v2\/comments?post=12667"}],"version-history":[{"count":3,"href":"https:\/\/tanssikipina.fi\/sv\/wp-json\/wp\/v2\/posts\/12667\/revisions"}],"predecessor-version":[{"id":12671,"href":"https:\/\/tanssikipina.fi\/sv\/wp-json\/wp\/v2\/posts\/12667\/revisions\/12671"}],"wp:featuredmedia":[{"embeddable":true,"href":"https:\/\/tanssikipina.fi\/sv\/wp-json\/wp\/v2\/media\/12665"}],"wp:attachment":[{"href":"https:\/\/tanssikipina.fi\/sv\/wp-json\/wp\/v2\/media?parent=12667"}],"wp:term":[{"taxonomy":"category","embeddable":true,"href":"https:\/\/tanssikipina.fi\/sv\/wp-json\/wp\/v2\/categories?post=12667"},{"taxonomy":"post_tag","embeddable":true,"href":"https:\/\/tanssikipina.fi\/sv\/wp-json\/wp\/v2\/tags?post=12667"}],"curies":[{"name":"wp","href":"https:\/\/api.w.org\/{rel}","templated":true}]}}